{"id":751,"date":"2015-06-24T14:59:43","date_gmt":"2015-06-24T14:59:43","guid":{"rendered":"http:\/\/www.art-events.de\/weblog\/?p=751"},"modified":"2024-04-30T11:11:51","modified_gmt":"2024-04-30T09:11:51","slug":"streiks-bei-dhl-poststreik","status":"publish","type":"post","link":"https:\/\/www.art-events.de\/weblog\/streiks-bei-dhl-poststreik\/","title":{"rendered":"Streiks bei DHL, Poststreik"},"content":{"rendered":"<p>Auch wir sind vom Poststreik betroffen. De facto nun in der dritten Woche ohne Post und Pakete. Hier in Burgdorf geht nicht mehr allzu viel und es ist momentan recht \u00e4rgerlich&#8230;<\/p>\n<p>F\u00fcr unsere Kunden: Aktuell m\u00fcssen Sie nicht mehr mit Verz\u00f6gerungen rechnen, seit Ende KW 25 liefern wir Pakete mit <a href=\"https:\/\/www.myhermes.de\" target=\"_blank\" rel=\"noopener\">HERMES Versand<\/a> aus.<\/p>\n<p>Alles andere bleibt unver\u00e4ndert:\u00a0 unmittelbar nach Auslieferung erhalten Sie von den KollegenInnen im Versand per Mail eine Paketnummer und k\u00f6nnen via Onlineabfrage bei Hermes Ihren Lieferstatus einsehen. R\u00fcckfragen beantworten wir gerne, im Zweifel sind wir gerne behilflich&#8230;<\/p>\n<p>PS: Die Schokoladen werden auch weiterhin bei der Bestellung mit geliefert!<\/p>\n<p>GF \/ AE Systeme<\/p>\n","protected":false},"excerpt":{"rendered":"<p>Auch wir sind vom Poststreik betroffen. De facto nun in der dritten Woche ohne Post und Pakete. Hier in Burgdorf geht nicht mehr allzu viel und es ist momentan recht \u00e4rgerlich&#8230; F\u00fcr unsere Kunden: Aktuell m\u00fcssen Sie nicht mehr mit Verz\u00f6gerungen rechnen, seit Ende KW 25 liefern wir Pakete mit HERMES Versand aus. Alles andere [&hellip;]<\/p>\n","protected":false},"author":1,"featured_media":0,"comment_status":"open","ping_status":"open","sticky":false,"template":"","format":"standard","meta":{"footnotes":""},"categories":[1,69],"tags":[],"class_list":["post-751","post","type-post","status-publish","format-standard","hentry","category-allgemein","category-lokales","entry"],"_links":{"self":[{"href":"https:\/\/www.art-events.de\/weblog\/wp-json\/wp\/v2\/posts\/751","targetHints":{"allow":["GET"]}}],"collection":[{"href":"https:\/\/www.art-events.de\/weblog\/wp-json\/wp\/v2\/posts"}],"about":[{"href":"https:\/\/www.art-events.de\/weblog\/wp-json\/wp\/v2\/types\/post"}],"author":[{"embeddable":true,"href":"https:\/\/www.art-events.de\/weblog\/wp-json\/wp\/v2\/users\/1"}],"replies":[{"embeddable":true,"href":"https:\/\/www.art-events.de\/weblog\/wp-json\/wp\/v2\/comments?post=751"}],"version-history":[{"count":0,"href":"https:\/\/www.art-events.de\/weblog\/wp-json\/wp\/v2\/posts\/751\/revisions"}],"wp:attachment":[{"href":"https:\/\/www.art-events.de\/weblog\/wp-json\/wp\/v2\/media?parent=751"}],"wp:term":[{"taxonomy":"category","embeddable":true,"href":"https:\/\/www.art-events.de\/weblog\/wp-json\/wp\/v2\/categories?post=751"},{"taxonomy":"post_tag","embeddable":true,"href":"https:\/\/www.art-events.de\/weblog\/wp-json\/wp\/v2\/tags?post=751"}],"curies":[{"name":"wp","href":"https:\/\/api.w.org\/{rel}","templated":true}]}}