{"id":732,"date":"2015-06-15T16:25:08","date_gmt":"2015-06-15T16:25:08","guid":{"rendered":"http:\/\/www.art-events.de\/weblog\/?p=732"},"modified":"2015-08-14T09:21:28","modified_gmt":"2015-08-14T09:21:28","slug":"poststreik","status":"publish","type":"post","link":"https:\/\/www.art-events.de\/weblog\/poststreik\/","title":{"rendered":"Poststreik"},"content":{"rendered":"<p>Dieser Poststreik&#8230;. &#8211; nun ganz nett formuliert: ich finde ihn Scheisse! \u00c4tzend! W\u00fcrghl Kotz!<\/p>\n<p>Unsere letzte Post bekamen wir nun vor rund einer Woche. Seitdem: nix mehr. Briefkasten bleibt leer. Unsere Pakete werden auch nicht ausgeliefert. Alles h\u00e4ngt und liegt irgendwo, keiner wei\u00df wo, wie lange usw usf. Und falls es doch jemand wei\u00df, teilt er uns es nicht mit, denn WIR wissen nicht, wie es weiter geht!<\/p>\n<p><!--more--><\/p>\n<p>Wenn die in der Presse schreiben, es &#8222;k\u00f6nnte zu geringf\u00fcgigen Verz\u00f6gerungen kommen&#8230;&#8220; &#8211; hey Leute. Seit einer Woche keine Post mehr &#8211; das ist in meinen Augen KEINE geringf\u00fcgige Verz\u00f6gerung. Das ist dramatische Arbeitsverweigerung. Und nicht zum ersten Mal:\u00a0Das Ganze hatten wir vor ein paar Wochen schon mal. Da blieb\u00a0die Post einige Tage aus. Und jetzt schon wieder! Irgendwie scheinen die da nicht in der Lage zu sein, sich zu einigen. Oder unser Zustellgebiet ist gewerkschaftlich auf 110% organisiert und immer betroffen.<\/p>\n<p>Wie auch immer &#8211; wir m\u00fcssen es ausbaden. Finde ich eigentlich schade. Denn liebe Post Menschen: Bisher war eure Zustellung\u00a0die f\u00fcr uns optimale Wahl. Ihr wart IMHO nie besonders g\u00fcnstig, daf\u00fcr aber vertragsfrei und weitgehend zuverl\u00e4ssig. (OK, wenn man davon absieht, dass ihr in den letzten Monaten zwei Einschreiben zerdeppert habt&#8230; Einmal ging der Inhalt verloren &#8211; ein anderes Mal der R\u00fcckschein.) Aber hey, wer will sich schon \u00fcber Kleinigkeiten aufregen&#8230;<\/p>\n<p>Doch \u00a0&#8211; wenn ihr weiter st\u00e4ndig erfolglos herum streikt und streitet, wenn\u00a0ihr euren Job nicht \u00a0mehr wollt oder k\u00f6nnt, dann werden wir uns Alternativen suchen m\u00fcssen!Denn ehrlicherweise: wenn ihr unsere Waren nicht zum Kunden bringt &#8211; dann bekommt der keine Rechnung &#8211; und wir kein Geld! Und da wir nicht von eurer Streikkasse finanziert werden, kommen wir mit dem Nichts-Verdienen-Status nicht klar! Sorry.<\/p>\n<p>&nbsp;<\/p>\n","protected":false},"excerpt":{"rendered":"<p>Dieser Poststreik&#8230;. &#8211; nun ganz nett formuliert: ich finde ihn Scheisse! \u00c4tzend! W\u00fcrghl Kotz! Unsere letzte Post bekamen wir nun vor rund einer Woche. Seitdem: nix mehr. Briefkasten bleibt leer. Unsere Pakete werden auch nicht ausgeliefert. Alles h\u00e4ngt und liegt irgendwo, keiner wei\u00df wo, wie lange usw usf. Und falls es doch jemand wei\u00df, teilt [&hellip;]<\/p>\n","protected":false},"author":2,"featured_media":0,"comment_status":"open","ping_status":"open","sticky":false,"template":"","format":"standard","meta":{"footnotes":""},"categories":[6,16],"tags":[],"class_list":["post-732","post","type-post","status-publish","format-standard","hentry","category-internes","category-mandy","entry"],"_links":{"self":[{"href":"https:\/\/www.art-events.de\/weblog\/wp-json\/wp\/v2\/posts\/732","targetHints":{"allow":["GET"]}}],"collection":[{"href":"https:\/\/www.art-events.de\/weblog\/wp-json\/wp\/v2\/posts"}],"about":[{"href":"https:\/\/www.art-events.de\/weblog\/wp-json\/wp\/v2\/types\/post"}],"author":[{"embeddable":true,"href":"https:\/\/www.art-events.de\/weblog\/wp-json\/wp\/v2\/users\/2"}],"replies":[{"embeddable":true,"href":"https:\/\/www.art-events.de\/weblog\/wp-json\/wp\/v2\/comments?post=732"}],"version-history":[{"count":0,"href":"https:\/\/www.art-events.de\/weblog\/wp-json\/wp\/v2\/posts\/732\/revisions"}],"wp:attachment":[{"href":"https:\/\/www.art-events.de\/weblog\/wp-json\/wp\/v2\/media?parent=732"}],"wp:term":[{"taxonomy":"category","embeddable":true,"href":"https:\/\/www.art-events.de\/weblog\/wp-json\/wp\/v2\/categories?post=732"},{"taxonomy":"post_tag","embeddable":true,"href":"https:\/\/www.art-events.de\/weblog\/wp-json\/wp\/v2\/tags?post=732"}],"curies":[{"name":"wp","href":"https:\/\/api.w.org\/{rel}","templated":true}]}}