{"id":486,"date":"2013-10-10T09:02:15","date_gmt":"2013-10-10T09:02:15","guid":{"rendered":"http:\/\/www.art-events.de\/weblog\/?p=486"},"modified":"2013-10-12T16:15:19","modified_gmt":"2013-10-12T16:15:19","slug":"zum-tode-von-quincy","status":"publish","type":"post","link":"https:\/\/www.art-events.de\/weblog\/zum-tode-von-quincy\/","title":{"rendered":"Zum Tode von Quincy"},"content":{"rendered":"<figure style=\"width: 480px\" class=\"wp-caption alignnone\"><img loading=\"lazy\" decoding=\"async\" alt=\"\" src=\"http:\/\/www.terminal-systems.de\/images\/berner1.jpg\" width=\"480\" height=\"640\" \/><figcaption class=\"wp-caption-text\">Unser Berner Sennenhund an seinem Lieblingsplatz: Im Garten<\/figcaption><\/figure>\n<p>Im Prinzip hat es sich ja schon herum gesprochen &#8211; dennoch sei hier noch die Best\u00e4tigung nachgereicht:<\/p>\n<p>Am 07.10.2013 mussten wir uns von unserem geliebten Firmenhund Berner Sennenhund Quincy trennen. Seine Krebskrankheit ist in den letzten Wochen f\u00f6rmlich explodiert, am 07.10.2013 gegen 20:00 wurde er eingeschl\u00e4fert! Damit hat er ein Alter von nur rund 7 Jahren und 10 Monaten erreicht!<\/p>\n<p>Sein Weggang hinterl\u00e4\u00dft eine tiefe, schmerzende Wunde in unseren Herzen. Es wird einige Zeit brauchen, bis sie vernarben kann. In Gedanken wird er immer bei uns sein, uns in unseren Erinnerungen begleiten und uns ein L\u00e4cheln aufs Gesicht zaubern, wenn wir an die sch\u00f6nen Erlebnisse mit ihm denken. Auch mal ein verlegenes L\u00e4cheln, wenn wir daran denken, wie oft er uns ge\u00e4rgert hat, wenn er seinen Dickkopf durchsetzen musste, wenn wir ihm Sachen durchgehen lie\u00dfen&#8230;<\/p>\n<p>M\u00f6ge er in Frieden ruhen und f\u00fcr immer (=Zeit unseres Lebens) unvergessen bleiben!<\/p>\n<p>\u00dcbrigens: vor kurzem hat er noch seine Adoptivschwester bekommen. Eine junge deutsche Sch\u00e4ferh\u00fcndin, die wir jetzt ausbilden. Es war ihm noch verg\u00f6nnt, die Kleine kennenzulernen und gemeinsam erste (Nacht-) Spazierg\u00e4nge zu erleben. Vieles beibringen konnte er ihr jedoch nicht mehr &#8211; mehr Zeit blieb ihm leider nicht. Sie wird jetzt nach und nach seine Aufgaben \u00fcbernehmen.<\/p>\n<p>gez. hjw<\/p>\n<p>PS: Wie oftmals gew\u00fcnscht reiche ich gerne noch eine Bilderstrecke mit Highlights aus seinem Leben nach. Bitte habt Verst\u00e4ndnis: es wird aber noch einige Zeit dauern, bis ich die Kraft finde, mir das alles anzusehen. Infos gffs per PM. Danke.<\/p>\n","protected":false},"excerpt":{"rendered":"<p>Im Prinzip hat es sich ja schon herum gesprochen &#8211; dennoch sei hier noch die Best\u00e4tigung nachgereicht: Am 07.10.2013 mussten wir uns von unserem geliebten Firmenhund Berner Sennenhund Quincy trennen. Seine Krebskrankheit ist in den letzten Wochen f\u00f6rmlich explodiert, am 07.10.2013 gegen 20:00 wurde er eingeschl\u00e4fert! Damit hat er ein Alter von nur rund 7 [&hellip;]<\/p>\n","protected":false},"author":1,"featured_media":0,"comment_status":"open","ping_status":"open","sticky":false,"template":"","format":"standard","meta":{"footnotes":""},"categories":[6],"tags":[],"class_list":["post-486","post","type-post","status-publish","format-standard","hentry","category-internes","entry"],"_links":{"self":[{"href":"https:\/\/www.art-events.de\/weblog\/wp-json\/wp\/v2\/posts\/486","targetHints":{"allow":["GET"]}}],"collection":[{"href":"https:\/\/www.art-events.de\/weblog\/wp-json\/wp\/v2\/posts"}],"about":[{"href":"https:\/\/www.art-events.de\/weblog\/wp-json\/wp\/v2\/types\/post"}],"author":[{"embeddable":true,"href":"https:\/\/www.art-events.de\/weblog\/wp-json\/wp\/v2\/users\/1"}],"replies":[{"embeddable":true,"href":"https:\/\/www.art-events.de\/weblog\/wp-json\/wp\/v2\/comments?post=486"}],"version-history":[{"count":0,"href":"https:\/\/www.art-events.de\/weblog\/wp-json\/wp\/v2\/posts\/486\/revisions"}],"wp:attachment":[{"href":"https:\/\/www.art-events.de\/weblog\/wp-json\/wp\/v2\/media?parent=486"}],"wp:term":[{"taxonomy":"category","embeddable":true,"href":"https:\/\/www.art-events.de\/weblog\/wp-json\/wp\/v2\/categories?post=486"},{"taxonomy":"post_tag","embeddable":true,"href":"https:\/\/www.art-events.de\/weblog\/wp-json\/wp\/v2\/tags?post=486"}],"curies":[{"name":"wp","href":"https:\/\/api.w.org\/{rel}","templated":true}]}}