{"id":261,"date":"2011-11-02T10:26:01","date_gmt":"2011-11-02T10:26:01","guid":{"rendered":"http:\/\/www.art-events.de\/weblog\/?p=261"},"modified":"2011-12-14T18:08:21","modified_gmt":"2011-12-14T18:08:21","slug":"firmenwagen-auswahlanalyse-teil-1","status":"publish","type":"post","link":"https:\/\/www.art-events.de\/weblog\/firmenwagen-auswahlanalyse-teil-1\/","title":{"rendered":"Firmenwagen &#8211; Auswahlanalyse, Teil 1"},"content":{"rendered":"<p>Verteiler: @Kollegen<\/p>\n<p>Liebe Kollegen,<\/p>\n<p>Cheffe hat mir eine neue Aufgabe gegeben. Ihr kennt das ja. Vorzugsweise Aufgaben, bei denen ich nur schwer gewinnen kann. &#8222;<em>Mandy &#8211; der Leasingvertrag f\u00fcr unseren Firmenwagen l\u00e4uft im Januar aus. Bitte mal Auswahl f\u00fcr einen neuen treffen. Und auch Angebote einholen&#8230;<\/em>&#8220;<\/p>\n<p>Ich meine, ehrlich &#8230;\u00a0 &#8211; da brauche ich eure Mithilfe. Ich fahre den ja nicht. Er f\u00e4hrt ihn. Oder ihr. Und pinselt ohnehin alle Fahrten fein s\u00e4uberlich in sein Fahrtenbuch. Aber ICH soll aussuchen.<\/p>\n<p>Ich habe Chantale gefragt, was ich tun soll. Ihre Idee: &#8222;<em>Mache dir doch eine Liste eurer letzten Firmenwagen. Und dann kannst du daraus vielleicht Ideen f\u00fcr den Nachfolger ableiten..<\/em>.&#8220;<\/p>\n<p><!--more--><\/p>\n<p>Gesagt. Getan. Geholfen hat mir die Bewertungsskala von Autobild. <a href=\"http:\/\/www.autobild.de\/artikel\/dauertest-ford-mondeo-1031951.html\" target=\"_blank\">Hier gefunden<\/a> &#8211; und von mir noch etwas erweitert: f\u00fcr jeden Defekt, Eindruck und St\u00f6rung gibt es Minuspunkte. Am Ende wird gerechnet.<\/p>\n<p>PKW nicht Fahrbereit: -10<br \/>\nPreis oder Verbrauch zu hoch: -7<br \/>\nUnplanm\u00e4ssiger Werkstattaufenthalt: -5<br \/>\nDefekte Funktionsteile \/ massive Schw\u00e4chen \/ Gefahrenstellen: -3<br \/>\nGeringf\u00fcgige Defekte \/ St\u00f6rende Details: -1<\/p>\n<p>Ich addiere das dann jetzt mal zusammen und stelle die Liste hier hinein. Zum kommentieren und abstimmen. Damit man was zu vergleichen hat, habe ich auch noch ein par \u00e4ltere Modell reingenommen&#8230;<\/p>\n<p>&#8212;&#8212;&#8212;&#8212;&#8212;&#8212;&#8212;&#8212;&#8212;&#8211;<\/p>\n<p><strong>1. Wagen: Audi A4, Modell 2001, 1.8 Turbo, Benziner<\/strong><\/p>\n<ul>\n<li>1x -10 = -10 .Total Kaputt nach 50 Tagen Standzeit (ca. 25.000km)<\/li>\n<li>1x -7 = -7. Preis zu hoch<\/li>\n<li>1x -7 = -7. Turbomotor schluckt zu viel<\/li>\n<li>4x Geringf\u00fcgig = -4.<br \/>\n&#8211; Min 2x Elektrikproblem, wollten nicht anspringen, Warnlampen an, An \/ Aus behob das Problem<br \/>\n&#8211; Seitenscheiben hinten fielen runter \/ undicht \/ regnete + zog hinein<br \/>\n&#8211; Chaotische Ausstattungslisten &#8211; un\u00fcbersichtlich &amp; zeitraubende Auswahl<\/li>\n<\/ul>\n<p>Mehr ist nicht mehr bekannt. Also -28.<br \/>\nAls positiv empfunden lt. euren Meinungen: NIX<\/p>\n<p>&#8212;&#8212;&#8212;&#8212;&#8212;&#8212;&#8212;&#8212;&#8212;&#8211;<\/p>\n<p><strong>2. Wagen: Volvo V50. T5 Summun. &gt;200 PS. Benziner, Modell 2006<br \/>\n<\/strong><\/p>\n<ul>\n<li>1x Preis zu hoch: -7<\/li>\n<li>1x Verbrauch zu hoch. -7<\/li>\n<li>2x Def. Funktionsteile \/ Schw\u00e4chen: -6<br \/>\n&#8211; Aussenspiegel total unbrauchbar bei Regen \/ Schnee (GEFAHR),<br \/>\n&#8211; Kopfst\u00fctzen hinten verhindern Sicht, mussten demoniert werden<\/li>\n<li>8x Geringf\u00fcgig: -8.<br \/>\n&#8211; Gurtwarner hinten schlagen bei Bewegungen Hund an (nervendes Gepiepe lt Werkstatt nicht abstellbar)<br \/>\n&#8211; Gurtschl\u00f6sser Spezialtechnik, Standardhundeleinen passten nicht<br \/>\n&#8211; Instrumentenbeleuchtung spiegelt sich nachts in Scheibe,<br \/>\n&#8211; Designmittelkonsole sieht zwar toll aus &#8211; ist aber schwer bedienbar und\u00a0 st\u00f6rend weil Mittelablage dadurch verdeckt \/ nur mit Verrenkung nutzbar<br \/>\n&#8211; Aschenbecher wurde als Plastikwitz empfunden,<br \/>\n&#8211; schwache Leistung f\u00fcr 5Zylinder&gt;200PS<br \/>\n&#8211; Pedale zu eng &#8211; ungeeignet f\u00fcr breite Schuhe<br \/>\n&#8211; Zu wenig brauchbare Ablagen<\/li>\n<\/ul>\n<p>Ergibt in Summe: -28.<br \/>\nAls positiv empfunden lt. euren Meinungen: Keine dramatischen Effekte. Solide.<\/p>\n<p>&#8212;&#8212;&#8212;&#8212;&#8212;&#8212;&#8212;&#8212;&#8212;&#8211;<\/p>\n<p><strong>3. Wagen. BMW 120d. 177 PS. Diesel. Modell 2009<br \/>\n<\/strong><\/p>\n<ul>\n<li>1x Preis zu hoch: -7<\/li>\n<li>1x Werkstatt wg R\u00fcckruf: -5<\/li>\n<li>2x Def. Funktionsteile \/ Schw\u00e4chen: -6<br \/>\n&#8211; Kupplung \/ Schaltung bescheuert, 1. Gang geht nicht &#8211; daf\u00fcr f\u00e4hrt man r\u00fcckw\u00e4rts = Unfallgefahr,<br \/>\n&#8211; zu sp\u00e4t ansprechendes Schlupfkontrolle &#8211; Heck bricht aus beim Einparken = Blechschaden<\/li>\n<li>12x Geringf\u00fcgige: -12<br \/>\n&#8211; Regensensor eigenwillig = Scheibenwischer Probleme bei Regen \/ Schnee \/ Niesel,<br \/>\n&#8211; Bedienung Scheibenwischer kompliziert oder unklar<br \/>\n&#8211; Heckantrieb findet ihr doof (siehe auch Heck bricht aus)<br \/>\n&#8211; Automat. Innenspiegel wird als &#8222;Taugt nichts&#8220; beschrieben &#8211; und ein Klappspiegel gew\u00fcnscht<br \/>\n&#8211; LED Scheibenwischer verdeckt durch Lenkrad (Tststs &#8211; wie kann so etwas BMW passieren?)<br \/>\n&#8211; Start&amp;Stop st\u00f6rend weil arbeitet zu langsam wenn man Hinterm\u00e4nner hat,<br \/>\n&#8211; Motor zu laut<br \/>\n&#8211; Kein Licht im Kofferraum oder zu dunkel &#8211; wer auch immer das bem\u00e4ngelt hat (aber ihr habt ja wohl eine Taschenlampe reingelegt)<br \/>\n&#8211; Kompliziert bedienbarer Bordcomputer \/ Check System &#8211; erfordert immer Doku lesen<br \/>\n&#8211; Serviceintervallheft wirrer Comic &#8211; scheint noch nicht mal der H\u00e4ndler zu verstehen<br \/>\n-Ausstattungslisten &#8211; un\u00fcbersichtlich &amp; zeitraubende Auswahl<br \/>\n&#8211; Keine Ablage f\u00fcr das Bordbuch<\/li>\n<\/ul>\n<p>Nicht aufgenommen wurde die Kritik: Akt Durchschnittsverbrauch wird nicht mehr BMW typisch analog angezeigt. Das mag zwar f\u00fcr die Nostalgiefans traurig sind &#8211; gibt aber keinen wirklichen Punktabzug.<\/p>\n<p>Ergibt in Summe -30.<br \/>\nAls positiv empfunden lt. euren Meinungen: Supermotor, schnell + flink. Geringer Verbrauch ca 5.8 Liter<\/p>\n<p>&#8212;&#8212;&#8212;&#8212;&#8212;&#8212;&#8212;&#8212;&#8212;&#8211;<\/p>\n<p><strong>4. KFZ. Hundyai Terracan. Modell 2003. Dauereinsatz bei uns.<\/strong><\/p>\n<ul>\n<li>1x Verbrauch zu hoch: -7<\/li>\n<li><span style=\"text-decoration: line-through;\">1x Unplanm\u00e4ssiger Werkstattaufenthalt: -5 (ca. 50.000km)<\/span><\/li>\n<li>1x Def. Funktionsteile \/ Schw\u00e4chen: -3<br \/>\n&#8211; Serienbereifung KUMHO als extrem bei N\u00e4sse \/ Regen \/ Schnee empfunden, wurde sofort durch CONTINENTAL ersetzt<\/li>\n<li>2x Geringf\u00fcgig: -2<br \/>\n&#8211; Wird nicht mehr gebaut<br \/>\n&#8211; Anh\u00e4ngerkupplung verdreckt schnell, daher st\u00e4ndig Ausfall der Nebelschlussleuchte (da das Ding ohnehin keiner anmacht ist es nur ein geringer Mangel)<\/li>\n<\/ul>\n<p>Nicht gewertet wurde der unplanm\u00e4ssige Werkstattaufenthalt bei ca. 50.000 Kilometer. Das ist weit oberhalb der Laufleistung der anderen Leasing KFZ &#8211; also rausgenommen.<\/p>\n<p>Macht Summe: -12.<br \/>\nAls positiv empfunden lt. euren Meinungen: Na ja, wohl alles &#8211; ihr wollt ihn ja nicht zum Verkauf hergeben. Und da Hyundai keinen Nachfolger baut, gibt es daf\u00fcr keinen Ersatz.<\/p>\n<p>&#8212;&#8212;&#8212;&#8212;&#8212;&#8212;&#8212;&#8212;&#8212;&#8211;<\/p>\n<p>Jetzt seid ihr dran. Bitte per PM Info schicken wo ich was \u00e4ndern soll. Und eure Vorschl\u00e4ge. Und bitte daran denken: die Liste (=unsere Liste) ist subjektiv und stellt nat\u00fcrlich keine Expertenwertung da. Es sind halt nur unsere \/ eure (gef\u00fchlten) Eindr\u00fccke. Auch wenn wir damit unzufrieden sind oder waren &#8211; es kann ja f\u00fcr den N\u00e4chsten trotzdem ein tolles Produkt sein. (Also bitte keine unfl\u00e4tigen Beschimpfungen und auch nicht: Aschenbecher zu voll \/ Fussraum verdreckt \/ Tank leer&#8230;)<\/p>\n<p>Ach ja &#8211; und bitte keine Vorschl\u00e4ge Opel oder Mercedes. Die Cheffestorys zu diesen Marken kennt ihr ja. Oder wie er es gestern ausdr\u00fcckte: <em>&#8222;das sind Autoa non grata &#8211; kommen hier nicht auf dem Hof!&#8220;<\/em><\/p>\n<p>F\u00fcr eure Vorschl\u00e4ge: ich habe mal ein kl. Anforderungsprofil zusammengeschrieben. Findet ihr auf dem Server zum Download!<\/p>\n<p>Eure Mandy!<\/p>\n","protected":false},"excerpt":{"rendered":"<p>Verteiler: @Kollegen Liebe Kollegen, Cheffe hat mir eine neue Aufgabe gegeben. Ihr kennt das ja. Vorzugsweise Aufgaben, bei denen ich nur schwer gewinnen kann. &#8222;Mandy &#8211; der Leasingvertrag f\u00fcr unseren Firmenwagen l\u00e4uft im Januar aus. Bitte mal Auswahl f\u00fcr einen neuen treffen. Und auch Angebote einholen&#8230;&#8220; Ich meine, ehrlich &#8230;\u00a0 &#8211; da brauche ich eure [&hellip;]<\/p>\n","protected":false},"author":2,"featured_media":0,"comment_status":"open","ping_status":"open","sticky":false,"template":"","format":"standard","meta":{"footnotes":""},"categories":[6],"tags":[],"class_list":["post-261","post","type-post","status-publish","format-standard","hentry","category-internes","entry"],"_links":{"self":[{"href":"https:\/\/www.art-events.de\/weblog\/wp-json\/wp\/v2\/posts\/261","targetHints":{"allow":["GET"]}}],"collection":[{"href":"https:\/\/www.art-events.de\/weblog\/wp-json\/wp\/v2\/posts"}],"about":[{"href":"https:\/\/www.art-events.de\/weblog\/wp-json\/wp\/v2\/types\/post"}],"author":[{"embeddable":true,"href":"https:\/\/www.art-events.de\/weblog\/wp-json\/wp\/v2\/users\/2"}],"replies":[{"embeddable":true,"href":"https:\/\/www.art-events.de\/weblog\/wp-json\/wp\/v2\/comments?post=261"}],"version-history":[{"count":0,"href":"https:\/\/www.art-events.de\/weblog\/wp-json\/wp\/v2\/posts\/261\/revisions"}],"wp:attachment":[{"href":"https:\/\/www.art-events.de\/weblog\/wp-json\/wp\/v2\/media?parent=261"}],"wp:term":[{"taxonomy":"category","embeddable":true,"href":"https:\/\/www.art-events.de\/weblog\/wp-json\/wp\/v2\/categories?post=261"},{"taxonomy":"post_tag","embeddable":true,"href":"https:\/\/www.art-events.de\/weblog\/wp-json\/wp\/v2\/tags?post=261"}],"curies":[{"name":"wp","href":"https:\/\/api.w.org\/{rel}","templated":true}]}}