{"id":2436,"date":"2021-11-14T15:12:35","date_gmt":"2021-11-14T14:12:35","guid":{"rendered":"https:\/\/www.art-events.de\/weblog\/?p=2436"},"modified":"2023-05-22T17:52:55","modified_gmt":"2023-05-22T15:52:55","slug":"windows-11-und-die-taskleiste","status":"publish","type":"post","link":"https:\/\/www.art-events.de\/weblog\/windows-11-und-die-taskleiste\/","title":{"rendered":"Windows11 und die Taskleiste"},"content":{"rendered":"<p>Also nach ein paar Tagen mit Windows11 kann ich sagen: Im gro\u00dfen und ganzen OK. Benutzbar. In meinem Alltagsbetrieb keine wesentlichen herausragenden Schw\u00e4chen gefunden! Allerdings auch nichts umwerfend Neues. Meinen allerersten Eindruck hatte ich ja bereits hier notiert: <a href=\"https:\/\/www.art-events.de\/weblog\/willkommen-windows-11-ade-windows-10\/\">Windows11 mein erster Eintrag<\/a>.<\/p>\n<p><strong>Doch halt! Eine Sache gibt es! Wenn da nicht der Unsinn mit der neuen Taskleiste w\u00e4re!<\/strong><\/p>\n<p><strong>Ich frage mich ja, welcher Dr\u00f6sel hat sich diese neue Taskleiste von Windows11 \u00fcberlegt?<\/strong><\/p>\n<p>Das das Teil in der Mitte h\u00e4ngt, ist mir vollkommen wumpe! Kann man einstellen &#8211; aber ob mittig oder links \/ rechts ist mir ohnehin egal. Was f\u00fcr mich aber nicht egal ist: Die Fenster einer Anwendung werden in der Taskleiste unter Windows11 nun IMMER ZWANGSWEISE gruppiert. Man kann es nicht mehr ausschalten wie es unter Windows10 noch angeboten wurde.<\/p>\n<p>Mag ja sein, dass es Menschen gibt, die Gruppierung gut finden und nutzen. In meinem Fall jedoch: Wenn ich Software entwickle, habe ich unter Microsoft Visual Studio oder Android Studio mal eben haufenweise verschiedene Projekte ge\u00f6ffnet und kopiere Codeteile von A nach B nach C \/ D \/ E \/ F hin und her. (Programmieren ist ja bekannterma\u00dfen zu gro\u00dfen Teilen Kopieren&#8230; Irgendwann hat man es mal gemacht &#8211; also her mit dem Code aus dem Projekt ins Neue eingepflegt.. voila&#8230;)<\/p>\n<p>Doch mit dieser unseligen Gruppierung: Jedes mal dann erst mal das Hauptfenster anklicken, herumsuchen, welches Projekt nun wo herum h\u00e4ngt &#8230; &#8211; sagt mal liebe Leute von Microsoft: HABT IHR SIE NOCH ALLE?<\/p>\n<p>Von mir aus lasst die Gruppierung bestehen &#8211; aber baut wie bei Windows 10 die M\u00f6glichkeit wieder ein, es auszuschalten!<\/p>\n<p><strong>Downgrade: Windows11 mit Taskleiste Windows10 nutzen<\/strong><\/p>\n<p>Alternativ &#8211; und das habe ich gemacht: die Taskleiste von Windows 10 wieder installiert und aktiviert.<\/p>\n<p>Offensichtlich bin ich mit meinem Problem nicht alleine &#8211; hier findet sich eine grundlegende Beschreibung: <a href=\"https:\/\/www.igorslab.de\/das-neue-hassobjekt-unter-windows-11-wird-beseitigt-zurueck-zur-taskleiste-von-windows-10-praxis\/\" target=\"_blank\" rel=\"noopener\">Das neue Hassobjekt.<\/a><\/p>\n<p>Die Erkl\u00e4rungen f\u00fcr den manuellen Downgrade dann hier:\u00a0<a href=\"https:\/\/github.com\/valinet\/ExplorerPatcher#readme\" target=\"_blank\" rel=\"noopener\">Explorer Patcher f\u00fcr Windows11 dann hier<\/a>!<\/p>\n<p>In d\u00fcrren Worten meine Vorgehensweise &#8211; ich habe die Tipps der Herren befolgt. Hatte manchmal ein paar Probleme. Also:<\/p>\n<p>Schritt 1: Die dxgi.dll Datei ins \/Windows Verzeichnis kopieren!<\/p>\n<p>Schritt 2: Booten.<\/p>\n<p>Schritt 3: Dann mit WIN X Shell aufrufen, Eigenschaften und Anzeigen f\u00fcr Taskleiste rechte Seite (Uhrzeit und das ganze Klimbim) wieder herstellen<\/p>\n<p>Nochmal booten. Fertig!<\/p>\n<p>Ach so &#8211; was bei mir nicht ging und ein echtes Problem verursachte: Die DLL Datei in andere Verzeichnisse verteilen (Windows\\SystemApps&#8230;.), wie es ein Beitrag empfiehlt! Das f\u00fchrte bei mir dazu, dass die Taskleiste \u00fcberhaupt keine Funktion mehr hatte! Zumindest die rechte Maustaste war tot &#8211; also konnte ich nix mehr aufklappen! Fand ich irgendwie doof und habe die DLL dann aus den SystemApps Verzeichnissen wieder entfernt, um die Funktion herzustellen. Keine Ahnung, warum es beim Schreiber der Tipps ging und bei mir nicht!<\/p>\n<p>Und noch als Erg\u00e4nzung &#8211; wenn man &#8211; so wie ich es ab und zu schaffe, die Taskleiste Windows10 wieder ausgeschaltet hat und wieder bei Taskleiste Windows11 gelandet ist: einfach in der Registry wieder aktivieren \/ bzw. der Eintrag in der Registry sollte dann so aussehen:<\/p>\n<p><a href=\"https:\/\/www.art-events.de\/weblog\/wp-content\/uploads\/2021\/11\/211114-registry.jpg\"><img loading=\"lazy\" decoding=\"async\" class=\"alignnone size-large wp-image-2437\" src=\"https:\/\/www.art-events.de\/weblog\/wp-content\/uploads\/2021\/11\/211114-registry-1024x540.jpg\" alt=\"\" width=\"640\" height=\"338\" srcset=\"https:\/\/www.art-events.de\/weblog\/wp-content\/uploads\/2021\/11\/211114-registry-1024x540.jpg 1024w, https:\/\/www.art-events.de\/weblog\/wp-content\/uploads\/2021\/11\/211114-registry-300x158.jpg 300w, https:\/\/www.art-events.de\/weblog\/wp-content\/uploads\/2021\/11\/211114-registry-768x405.jpg 768w, https:\/\/www.art-events.de\/weblog\/wp-content\/uploads\/2021\/11\/211114-registry.jpg 1426w\" sizes=\"auto, (max-width: 640px) 100vw, 640px\" \/><\/a><\/p>\n<p>Mit Windows11 und der Taskleiste von Windows10 arbeite ich jetzt bereits seit einigen Tagen und bin bisher ganz zufrieden. OK &#8211; sch\u00f6ner w\u00e4re es, wenn die Damen und Herren von Microsoft den Zustand freien Wahl bez\u00fcglich der Gruppierung wieder herstellten. Aber bis dahin bedanke ich mich bei all den genannten und ungenannten Experten, die sich dieses Problems angenommen und eine L\u00f6sung in o.a. Form herbeigef\u00fchrt haben!<\/p>\n<hr \/>\n<p><strong>ANZEIGE: Professionelle Artikelverwaltung \/ Lagerverwaltung gibt es bei uns! Leistungsf\u00e4hig und g\u00fcnstig!<\/strong><\/p>\n<p><a href=\"https:\/\/www.terminal-systems.de\/wp\/home-2\/lager1\/\"><img loading=\"lazy\" decoding=\"async\" class=\"alignnone\" src=\"https:\/\/www.art-events.de\/weblog\/wp-content\/uploads\/2021\/09\/210909-anzeige1.jpg\" alt=\"\" width=\"1800\" height=\"600\" \/><\/a><\/p>\n<p><a href=\"https:\/\/www.terminal-systems.de\/wp\/home-2\/lager1\/\" target=\"_blank\" rel=\"noopener\">https:\/\/www.terminal-systems.de\/wp\/home-2\/lager1\/<\/a><\/p>\n<hr \/>\n<p><a href=\"https:\/\/www.art-events.de\/weblog\/wp-content\/uploads\/2021\/06\/20080607hjwx-204.jpg\"><img loading=\"lazy\" decoding=\"async\" class=\"alignnone size-full wp-image-2104\" src=\"https:\/\/www.art-events.de\/weblog\/wp-content\/uploads\/2021\/06\/20080607hjwx-204.jpg\" alt=\"\" width=\"204\" height=\"153\" \/><\/a><\/p>\n<p>Text und Entwurf. (c) AE SYSTEME Testcenter, Hans-J. Walter<br \/>\nHans-J. Walter ist Programmierer f\u00fcr Windows DOT.NET und Android und als Senior Chef Entwickler bei AE SYSTEME www.terminal-systems.de in Burgdorf \/ Hannover t\u00e4tig.\u00a0hjw@terminal-systems.de<\/p>\n<p>F\u00fcr diese und alle nachfolgenden Seiten gilt ebenso der obligatorische Hinweis: Alle Angaben ohne Gew\u00e4hr. Bilder und Codes zeigen Beispiele. Diese Beschreibung bezieht sich auf unsere Installation und stellt keine Bewertung der verwendeten Techniken da. Fehler und Irrt\u00fcmer vorbehalten!<\/p>\n<hr \/>\n<p><strong><span style=\"color: #339966;\">ANZEIGE: MOBILE Android Apps gibt es hier\u2026.<\/span><\/strong><\/p>\n<p><a href=\"https:\/\/www.terminal-systems.de\/wp\/home-2\/mobile1\/\"><img loading=\"lazy\" decoding=\"async\" class=\"alignnone wp-image-2419 size-large\" src=\"https:\/\/www.art-events.de\/weblog\/wp-content\/uploads\/2021\/11\/211102-apps1-1024x341.jpg\" alt=\"\" width=\"640\" height=\"213\" srcset=\"https:\/\/www.art-events.de\/weblog\/wp-content\/uploads\/2021\/11\/211102-apps1-1024x341.jpg 1024w, https:\/\/www.art-events.de\/weblog\/wp-content\/uploads\/2021\/11\/211102-apps1-300x100.jpg 300w, https:\/\/www.art-events.de\/weblog\/wp-content\/uploads\/2021\/11\/211102-apps1-768x256.jpg 768w, https:\/\/www.art-events.de\/weblog\/wp-content\/uploads\/2021\/11\/211102-apps1-1536x512.jpg 1536w, https:\/\/www.art-events.de\/weblog\/wp-content\/uploads\/2021\/11\/211102-apps1-1568x523.jpg 1568w, https:\/\/www.art-events.de\/weblog\/wp-content\/uploads\/2021\/11\/211102-apps1.jpg 1800w\" sizes=\"auto, (max-width: 640px) 100vw, 640px\" \/><\/a><\/p>\n<p>&nbsp;<\/p>\n","protected":false},"excerpt":{"rendered":"<p>Also nach ein paar Tagen mit Windows11 kann ich sagen: Im gro\u00dfen und ganzen OK. Benutzbar. In meinem Alltagsbetrieb keine wesentlichen herausragenden Schw\u00e4chen gefunden! Allerdings auch nichts umwerfend Neues. Meinen allerersten Eindruck hatte ich ja bereits hier notiert: Windows11 mein erster Eintrag. Doch halt! Eine Sache gibt es! Wenn da nicht der Unsinn mit der [&hellip;]<\/p>\n","protected":false},"author":6,"featured_media":0,"comment_status":"open","ping_status":"open","sticky":false,"template":"","format":"standard","meta":{"footnotes":""},"categories":[6,18,36],"tags":[],"class_list":["post-2436","post","type-post","status-publish","format-standard","hentry","category-internes","category-software-technical-view","category-windows-linux","entry"],"_links":{"self":[{"href":"https:\/\/www.art-events.de\/weblog\/wp-json\/wp\/v2\/posts\/2436","targetHints":{"allow":["GET"]}}],"collection":[{"href":"https:\/\/www.art-events.de\/weblog\/wp-json\/wp\/v2\/posts"}],"about":[{"href":"https:\/\/www.art-events.de\/weblog\/wp-json\/wp\/v2\/types\/post"}],"author":[{"embeddable":true,"href":"https:\/\/www.art-events.de\/weblog\/wp-json\/wp\/v2\/users\/6"}],"replies":[{"embeddable":true,"href":"https:\/\/www.art-events.de\/weblog\/wp-json\/wp\/v2\/comments?post=2436"}],"version-history":[{"count":0,"href":"https:\/\/www.art-events.de\/weblog\/wp-json\/wp\/v2\/posts\/2436\/revisions"}],"wp:attachment":[{"href":"https:\/\/www.art-events.de\/weblog\/wp-json\/wp\/v2\/media?parent=2436"}],"wp:term":[{"taxonomy":"category","embeddable":true,"href":"https:\/\/www.art-events.de\/weblog\/wp-json\/wp\/v2\/categories?post=2436"},{"taxonomy":"post_tag","embeddable":true,"href":"https:\/\/www.art-events.de\/weblog\/wp-json\/wp\/v2\/tags?post=2436"}],"curies":[{"name":"wp","href":"https:\/\/api.w.org\/{rel}","templated":true}]}}