{"id":2413,"date":"2021-11-03T11:53:48","date_gmt":"2021-11-03T10:53:48","guid":{"rendered":"https:\/\/www.art-events.de\/weblog\/?p=2413"},"modified":"2021-11-14T15:19:02","modified_gmt":"2021-11-14T14:19:02","slug":"willkommen-windows-11-ade-windows-10","status":"publish","type":"post","link":"https:\/\/www.art-events.de\/weblog\/willkommen-windows-11-ade-windows-10\/","title":{"rendered":"Willkommen Windows 11 &#8211; Ade Windows 10"},"content":{"rendered":"<p>Gestern meldete sich mein Arbeits PC mit einer neuen Meldung: Windows 11 kann installiert werden! Update starten?<\/p>\n<p>Klar will ich das. Kluges Kerlchen, das ich bin (gerne w\u00e4re&#8230;), war das dann die letzte Tat &#8211; bevor ich Feierabend mache. Wird bestimmt Stunden dauern &#8211; und w\u00e4re am n\u00e4chsten Arbeitstag dann fertig, wenn ich ins B\u00fcro komme&#8230;<\/p>\n<p>Woran ich nicht dachte: meine armer PC kann nicht ohne mich booten! Jedes Mal beim Booten braucht er sein BIOS &#8211; Startpassword &#8211; und irgendwie wei\u00df ich ohnehin nicht mehr, wie ich das bei diesem Modell ausschalten kann. Und sei es nur \u00fcbergangsweise. (Schliesslich kocht hier jeder Hersteller sein einges S\u00fcppchen, wie man beim Booten ins BIOS kommt. Irgendwo habe ich es sicherlich aufgeschrieben. Irgendwo &#8230;)<\/p>\n<p>Also &#8211; wichtiger Tipp f\u00fcr alle Anderen dort drau\u00dfen: Schmeisst BIOS Boot Password f\u00fcr den Update raus, damit der Bootprozess auch ohne Euch laufen kann!! Sonst h\u00e4ngt der Update jedes Mal, wenn Eure Kiste bootet! Dann k\u00f6nnt Ihr auch gleich im B\u00fcro \u00fcbernachten&#8230;<\/p>\n<p>Folglich kam ich heute Morgen ins B\u00fcro &#8211; und nix mit fertig! Der arme Rechner wartete jedoch wohl seit X Stunden darauf, dass ich den Updateprozess nun mit seinem Boot Passwort fortsetze. &#8230;<\/p>\n<p>\u00dcberfl\u00fcssig zu sagen dass dieser Vorgang nun also dauerte. Und mehrfach gebootet wurde. Lange Rede &#8211; kurzer Sinn: die Idee den Update nachts in meiner Abwesenheit durchzuf\u00fchren, war ein Schlag ins Wasser. Von 9 bis ca 11 Uhr (plus noch etwas mehr) hat die Kiste noch geackert und mir ein paar Stunden des Arbeitstages geraubt. Aber dann &#8211; voila &#8211; irgendwann waren die 100% erreicht!<\/p>\n<p><strong>Willkommen Windows 11!<\/strong><\/p>\n<p>Der erste Eindruck &#8211; jetzt mal wohlwollend ohne gro\u00dfes Gemeckere:<\/p>\n<p><strong>Der Lock Screen<\/strong>:<\/p>\n<p>Andere Schriftarten. Andere Uhr. Wirkt sch\u00f6n und aufger\u00e4umt.<\/p>\n<p><strong>Der Arbeits Desktop und Taskleiste<br \/>\n<\/strong><\/p>\n<p>Da ich mein pers\u00f6nliches Hintergrundbild (Mars Oberfl\u00e4che) verwende, hat sich dort erst mal wenig ge\u00e4ndert. Gr\u00f6\u00dfte Auff\u00e4lligkeit: das Startmen\u00fc und h\u00e4ngt jetzt in der Mitte. Der Inhalt ist irgendwie &#8230; wirr. Aber das mag an mir liegen, ich habe eh niemals richtig damit gearbeitet. Fand die Sortierung immer doof.<\/p>\n<p>Ebenfalls in der Mitte befindet sich nun die Taskleiste, die mit allerlei Zeugs vollgepackt ist, das ich nicht ben\u00f6tige. Und das in den n\u00e4chsten Tagen dann wohl daraus verschwinden wird. Man kann sie auch wieder nach rechts r\u00fccken. Habe ich flink getan. Ist aber eigentlich nur rein subjektiv, wo das Dingens erscheint und hat f\u00fcr mich keine praktische Bedeutung. Unsch\u00f6ner ist f\u00fcr mich jedoch, dass die Taskleiste gleiche Anwendungen jetzt immer zwangsweise zusammenfasst. Die bisherige Einstellung gleiche Anwendungen nebeneinder aufzulisten ist entfallen.<\/p>\n<p>Und wenn wir schon dabei sind: Microsoft hat die Taskleiste scheinbar komplett \u00fcberarbeitet. Mein \u00fcberaus beliebtes: Ziehen von Dokumenten in eine Anwendung auf der Taskleiste l\u00e4sst sich nicht mehr durchf\u00fchren! War es doch so praktisch: du willst ein \/ zwei gescannte Bilder in die Bildbearbeitung ziehen und sie z.B. als PDF Dokument ausgeben: beide JPG markieren und mit gedr\u00fcckter Maustaste einfach in die Bildbearbeitung auf die Taskleiste ziehen. Fertig! Fanden die Leute von Microsoft wohl nicht so gut. Also haben sie es ausgeschaltet! Doch &#8211; anscheinend bin ich mit dem Wunsch nicht alleine &#8211; hier war schon jemand t\u00e4tig: <a href=\"https:\/\/www.deskmodder.de\/blog\/2021\/10\/28\/windows-11-dateien-in-ein-offenes-programm-in-der-taskleiste-ziehen-und-oeffnen\/\" target=\"_blank\" rel=\"noopener\">Windows11 Dateien auf ein Icon in der Taskleiste ziehen und \u00f6ffnen<\/a> und dazu ein kleines Windows 11 Progr\u00e4mmchen bei GitHub: <a href=\"https:\/\/github.com\/HerMajestyDrMona\/Windows11DragAndDropToTaskbarFix\/releases\/tag\/v.1.8.0.0-release\" target=\"_blank\" rel=\"noopener\">Windows11DragAndDropToTaskbarFix<\/a><\/p>\n<p><strong>Gruppierung der Taskleiste jetzt zwangsweise<\/strong><\/p>\n<p>Also die Sache, dass die Taskleiste jetzt immer automatisch gruppiert ist und man das nicht aufheben kann, finde ich doof! Unterm Strich brauche ich damit mehr Klicks, um z.B. eine bestimmte Mail zu erreichen. Hier haben die Damen und Herren von Microsoft f\u00fcr meinen Geschmack irgendwie Pfusch abgeliefert.<\/p>\n<p><strong>Zeichenprogramm PAINT <\/strong><\/p>\n<p>Das gute alte PAINT ist nicht mehr dort, wo es vorher war. Irgendwie hat Microsoft es jetzt unter Apps verschoben &#8211; meine ganzen Verkn\u00fcpfungen laufen ins Leere. Also nun manuell mit Ausf\u00fchren (Windows R dann &#8222;mspaint&#8220; eingeben) starten oder sich gleich das Bild an die Taskleiste heften &#8211; wo sie dann allerdings immer herum h\u00e4ngt. Was mir noch nicht gelungen ist: Verkn\u00fcpfungen zu PAINT an Orten meiner Wahl zu erzeugen. Schade, dass die Leute von Microsoft diese Sache mit Verkn\u00fcpfungen nicht offensiver herausarbeiten!<\/p>\n<p><strong>Speed<\/strong><\/p>\n<p>Ansonsten? &#8211; F\u00e4llt mit auf, dass Programme schneller starten. Vieles in Form von &#8222;Schwupps &#8211; es ist da!&#8220; Ab und zu bleibt mal irgendwo ein Maus-Info Text h\u00e4ngen, wenn die Maus schnell dr\u00fcber ging &#8211; aber bisher &#8230; so den ersten 60 Minuten Nutzung: Alles OK! Mehr oder minder gewohnt. Bisher keine gro\u00dfen Umstellungen &#8211; was erst einmal einen guten Eindruck vermittelt. Ich kann mich an Windows Umstiege erinnern &#8211; da musste ich mir B\u00fccher kaufen, um die neue Version verwenden zu k\u00f6nnen&#8230;<\/p>\n<p>Also: Ciao Windows 10. Ich gebe zu: es war eine sch\u00f6ne Zeit mit Dir. Als Windows Nutzer der ersten Stunden (\u00fcber Windows 3.1 \/ Windows for Workgroups und was sonst noch alles dazu geh\u00f6rte) hat mir Windows 10 bisher am besten gefallen. Mal sehen ob Windows 11 auch in diese Liste aufr\u00fccken kann. Ich werde dann an dieser Stelle fortsetzen&#8230;<\/p>\n<p><span style=\"color: #008000;\"><strong>ANZEIGE: MOBILE Android Apps gibt es hier&#8230;.<\/strong><\/span><br \/>\n<a href=\"https:\/\/www.terminal-systems.de\/wp\/home-2\/mobile1\/\"><img loading=\"lazy\" decoding=\"async\" class=\"alignnone wp-image-2419 size-full\" src=\"https:\/\/www.art-events.de\/weblog\/wp-content\/uploads\/2021\/11\/211102-apps1.jpg\" alt=\"\" width=\"1800\" height=\"600\" srcset=\"https:\/\/www.art-events.de\/weblog\/wp-content\/uploads\/2021\/11\/211102-apps1.jpg 1800w, https:\/\/www.art-events.de\/weblog\/wp-content\/uploads\/2021\/11\/211102-apps1-300x100.jpg 300w, https:\/\/www.art-events.de\/weblog\/wp-content\/uploads\/2021\/11\/211102-apps1-1024x341.jpg 1024w, https:\/\/www.art-events.de\/weblog\/wp-content\/uploads\/2021\/11\/211102-apps1-768x256.jpg 768w, https:\/\/www.art-events.de\/weblog\/wp-content\/uploads\/2021\/11\/211102-apps1-1536x512.jpg 1536w, https:\/\/www.art-events.de\/weblog\/wp-content\/uploads\/2021\/11\/211102-apps1-1568x523.jpg 1568w\" sizes=\"auto, (max-width: 1800px) 100vw, 1800px\" \/><\/a><\/p>\n<p>Ein kleiner emotionaler Nachtrag noch liebe Leute von @Microsoft: Texte wie<\/p>\n<p>&#8222;Updates im Gange&#8220;<\/p>\n<p>lassen mich erschauern! Meine Deutschlehrer h\u00e4tten mir diese sprachliche, eher infantil wirkende Unbeholfenheit um die Ohren gehauen! Hier k\u00f6nnte etwas mehr Eloquenz in Form von sprachlicher Gewandtheit nicht schaden!<\/p>\n<p>Update:\u00a0<a href=\"https:\/\/www.art-events.de\/weblog\/windows-11-und-die-taskleiste\/\">Fortsetzung inzwischen hier!<\/a><\/p>\n<hr \/>\n<p><img loading=\"lazy\" decoding=\"async\" class=\"alignnone size-large\" src=\"https:\/\/www.terminal-systems.de\/images\/20080607hjwx-204.jpg\" width=\"204\" height=\"153\" \/><\/p>\n<p>Text und Entwurf. (c) AE SYSTEME Testcenter, Hans-J. Walter<br \/>\nHans-J. Walter ist Programmierer f\u00fcr Windows DOT.NET und Android und als Senior Chef Entwickler bei AE SYSTEME www.terminal-systems.de in Burgdorf \/ Hannover t\u00e4tig. <a href=\"mailto:hjw@terminal-systems.de\">hjw@terminal-systems.de<\/a><\/p>\n<p><em>F\u00fcr diese und alle nachfolgenden Seiten gilt ebenso der obligatorische Hinweis: Alle Angaben ohne Gew\u00e4hr. Bilder und Codes zeigen Beispiele. Diese Beschreibung bezieht sich auf unsere Installation und stellt keine Bewertung der verwendeten Techniken da. Fehler und Irrt\u00fcmer vorbehalten!<\/em><\/p>\n<p>&nbsp;<\/p>\n<p>&nbsp;<\/p>\n","protected":false},"excerpt":{"rendered":"<p>Gestern meldete sich mein Arbeits PC mit einer neuen Meldung: Windows 11 kann installiert werden! Update starten? Klar will ich das. Kluges Kerlchen, das ich bin (gerne w\u00e4re&#8230;), war das dann die letzte Tat &#8211; bevor ich Feierabend mache. Wird bestimmt Stunden dauern &#8211; und w\u00e4re am n\u00e4chsten Arbeitstag dann fertig, wenn ich ins B\u00fcro [&hellip;]<\/p>\n","protected":false},"author":6,"featured_media":0,"comment_status":"closed","ping_status":"open","sticky":false,"template":"","format":"standard","meta":{"footnotes":""},"categories":[6,18,36],"tags":[],"class_list":["post-2413","post","type-post","status-publish","format-standard","hentry","category-internes","category-software-technical-view","category-windows-linux","entry"],"_links":{"self":[{"href":"https:\/\/www.art-events.de\/weblog\/wp-json\/wp\/v2\/posts\/2413","targetHints":{"allow":["GET"]}}],"collection":[{"href":"https:\/\/www.art-events.de\/weblog\/wp-json\/wp\/v2\/posts"}],"about":[{"href":"https:\/\/www.art-events.de\/weblog\/wp-json\/wp\/v2\/types\/post"}],"author":[{"embeddable":true,"href":"https:\/\/www.art-events.de\/weblog\/wp-json\/wp\/v2\/users\/6"}],"replies":[{"embeddable":true,"href":"https:\/\/www.art-events.de\/weblog\/wp-json\/wp\/v2\/comments?post=2413"}],"version-history":[{"count":0,"href":"https:\/\/www.art-events.de\/weblog\/wp-json\/wp\/v2\/posts\/2413\/revisions"}],"wp:attachment":[{"href":"https:\/\/www.art-events.de\/weblog\/wp-json\/wp\/v2\/media?parent=2413"}],"wp:term":[{"taxonomy":"category","embeddable":true,"href":"https:\/\/www.art-events.de\/weblog\/wp-json\/wp\/v2\/categories?post=2413"},{"taxonomy":"post_tag","embeddable":true,"href":"https:\/\/www.art-events.de\/weblog\/wp-json\/wp\/v2\/tags?post=2413"}],"curies":[{"name":"wp","href":"https:\/\/api.w.org\/{rel}","templated":true}]}}