{"id":215,"date":"2011-09-13T09:41:34","date_gmt":"2011-09-13T09:41:34","guid":{"rendered":"http:\/\/www.art-events.de\/weblog\/?p=215"},"modified":"2023-07-30T22:50:41","modified_gmt":"2023-07-30T20:50:41","slug":"nas-server-defekt","status":"publish","type":"post","link":"https:\/\/www.art-events.de\/weblog\/nas-server-defekt\/","title":{"rendered":"NAS Server Defekt"},"content":{"rendered":"<p>Die haben hier alle keine Ahnung! Ich &#8211; ich wusste es! K\u00fcrzlich fing unser NAS Server an zu meckern. Das ist so eine schwarze Kiste mit einer Festplatte drin. H\u00e4ngt bei uns im Netzwerk.\u00a0Da k\u00f6nnen wir alle unsere Daten drauf speichern und alle haben Zugriff. Benutzen wir f\u00fcr die Daten unserer Arbeitsgruppen also z.B. f\u00fcr Rechnungen, Lieferscheine, Auftr\u00e4ge und Kundendaten, die mehr oder minder gleichzeitig von mehreren Personen verwendet werden m\u00fcssen.<\/p>\n<p>Zwei Jahre lang lief das ja ganz gut. Doch dann, vor einigen\u00a0Monaten fingen ganz kuriose Fehler an&#8230;.<\/p>\n<p><!--more--><\/p>\n<p>Schlagartig hat das Teil alle Samba Shares vergessen. Wir konnten nicht mehr auf die Festplatte zugreifen. Was aber witzig war: Per Webbrowser und Admin Konto konnte man sich noch einw\u00e4hlen und einen Reset ausl\u00f6sen. Nach dem Reset ging dann wieder alles.<\/p>\n<p>Nun denkt man sich nichts B\u00f6ses. Ist zwar unsch\u00f6n mehrmals im Monat einen Reset durchzuf\u00fchren &#8211; aber wirklich dramatisch ist es nicht.\u00a0Dramatischer wird es, wenn der Reset mehrfach in der Woche oder gar am Tag notwendig wird. Und so geschah es auch mit unserem alten NAS Server. Der wurde immer kranker. Es gab Tage da musste man 5x booten, es gab Tage, da lief er problemlos.<\/p>\n<p>Da haben sich unsere Experten beraten. Und auch den Hersteller befragt. Aber die\u00a0Aussagen waren nicht wirklich begeisternd. Evtl ist Staub drin &#8211; wg der langen Laufzeit von fast zwei Jahren. Einfach mal aufschrauben und reinigen&#8230; Dabei ist ein\u00a0NAS Server doch keine Waffe, ein bisschen Staub sollte er schon abk\u00f6nnen &#8211; aber warum nicht. Die haben es aufgeschraubt, gereinigt, mit Druckluft ausgespritzt, wieder zusammengesetzt und&#8230;<\/p>\n<p>&#8230; hat sich nix ge\u00e4ndert. Ausf\u00e4lle\u00a0blieben. Sporadisch. Bis zu einem legend\u00e4ren Freitag im August. Wieder kam ich nicht drauf. Wieder bat ich Cheffe um einen Reset des Dingens. Und wartete f\u00fcnf Minuten. Dann zehn. Und am Schluss eine Stunde. Cheffe war schon anzusehen, dass irgend etwas au\u00dferplanm\u00e4ssiges passiert sein musste. Was? Auch der Zugriff \u00fcber Browser ging nicht mehr. Ausschalten per Taste auch nicht. Nix ging mehr.<\/p>\n<p>Der NAS Server war jetzt tot. Ein Haufen dummes wertloses St\u00fcck Hardware ohne Sinn und Verstand. Die Ursache: die\u00a0Festplatte war hin. Die hatte sich langsam verabschiedet und das war wohl auch der Grund warum die Samba Shares immer wieder vergessen wurden. Es gab einfach keine Daten mehr, die Samba benutzen konnte. Bis zu dem Tag an dem die Festplatte dann vollkommen im Ar&#8230;. war.<\/p>\n<p>Was mich \u00e4rgert: alle Experten waren der Meinung dass Vergessen der Samba Shares w\u00e4re ein rudiment\u00e4res Problem. Nur ICH habe den gleich gesagt kauft einen neuen! Aber wie das so ist. Wer h\u00f6rt schon auf Mandy aus dem Marketing, wenn haufenweise ITler sagen kann nicht sein&#8230;<\/p>\n<p>Nachtrag: Inzwischen haben die &#8222;Experten&#8220; einen neuen NAS SErver gekauft. Hersteller gewechselt.\u00a0Dieses Mal ist es ein DLINK DNS-320 Share Center. Mit zwei 1 TB Festplatten, die in einem RAID1 Verfahren gespielt sind. Und die letzte Sicherung wurde eingespielt und jetzt l\u00e4uft wieder alles. Sagen die &#8222;Experten&#8220;&#8230;.<\/p>\n<hr \/>\n<p>Nachtrag: Diese Konfiguration lief bis 2023. Hier gibt es dann die Fortsetzung:<\/p>\n<p><a href=\"https:\/\/www.art-events.de\/weblog\/war-es-das-nas-oder-libre-office\/\">https:\/\/www.art-events.de\/weblog\/war-es-das-nas-oder-libre-office\/<\/a><\/p>\n","protected":false},"excerpt":{"rendered":"<p>Die haben hier alle keine Ahnung! Ich &#8211; ich wusste es! K\u00fcrzlich fing unser NAS Server an zu meckern. Das ist so eine schwarze Kiste mit einer Festplatte drin. H\u00e4ngt bei uns im Netzwerk.\u00a0Da k\u00f6nnen wir alle unsere Daten drauf speichern und alle haben Zugriff. Benutzen wir f\u00fcr die Daten unserer Arbeitsgruppen also z.B. f\u00fcr [&hellip;]<\/p>\n","protected":false},"author":2,"featured_media":0,"comment_status":"open","ping_status":"open","sticky":false,"template":"","format":"standard","meta":{"footnotes":""},"categories":[1],"tags":[],"class_list":["post-215","post","type-post","status-publish","format-standard","hentry","category-allgemein","entry"],"_links":{"self":[{"href":"https:\/\/www.art-events.de\/weblog\/wp-json\/wp\/v2\/posts\/215","targetHints":{"allow":["GET"]}}],"collection":[{"href":"https:\/\/www.art-events.de\/weblog\/wp-json\/wp\/v2\/posts"}],"about":[{"href":"https:\/\/www.art-events.de\/weblog\/wp-json\/wp\/v2\/types\/post"}],"author":[{"embeddable":true,"href":"https:\/\/www.art-events.de\/weblog\/wp-json\/wp\/v2\/users\/2"}],"replies":[{"embeddable":true,"href":"https:\/\/www.art-events.de\/weblog\/wp-json\/wp\/v2\/comments?post=215"}],"version-history":[{"count":0,"href":"https:\/\/www.art-events.de\/weblog\/wp-json\/wp\/v2\/posts\/215\/revisions"}],"wp:attachment":[{"href":"https:\/\/www.art-events.de\/weblog\/wp-json\/wp\/v2\/media?parent=215"}],"wp:term":[{"taxonomy":"category","embeddable":true,"href":"https:\/\/www.art-events.de\/weblog\/wp-json\/wp\/v2\/categories?post=215"},{"taxonomy":"post_tag","embeddable":true,"href":"https:\/\/www.art-events.de\/weblog\/wp-json\/wp\/v2\/tags?post=215"}],"curies":[{"name":"wp","href":"https:\/\/api.w.org\/{rel}","templated":true}]}}