{"id":178,"date":"2011-07-06T09:10:09","date_gmt":"2011-07-06T09:10:09","guid":{"rendered":"http:\/\/www.art-events.de\/weblog\/?p=178"},"modified":"2011-08-01T12:09:58","modified_gmt":"2011-08-01T12:09:58","slug":"cloud-computing","status":"publish","type":"post","link":"https:\/\/www.art-events.de\/weblog\/cloud-computing\/","title":{"rendered":"Cloud Computing"},"content":{"rendered":"<p>Theoretisch ist Cloud Computing eine gute Idee. Weniger Leistung im Rechner. Weniger Virenanf\u00e4lligkeit. Der Nutzer kann nicht so viel kaputtmachen.<\/p>\n<p><!--more--><\/p>\n<p>Der Rechner ist nur noch ein besseres Terminal. Datenhaltung und Processing findet auf irgendeinem leistungsf\u00e4higen Rechner irgendwo im Internet statt. Gab es so \u00e4hnlich vor etwas 30 Jahren schon mal als nur Terminals die Welt bev\u00f6lkerten und die EDV zentral irgendwo herumstand. Da hatte der User nix zu melden und musste sich an die Vorgaben seiner Zentral EDV halten. Oder &#8211; um Cloud plakativer zu gestalten &#8211; So in etwa wie: ich fahre nicht mehr aufw\u00e4ndig und stauintensiv von Hannover nach K\u00f6ln, um einen Kunden zu besuchen &#8211; ich schicke einen Avatar. Klingt gut. Einfach. Bequem.<\/p>\n<p>Allerdings &#8211; wer die Cloud verwendet muss auch ziemlich schmerzresistent sein. Siehe Heise Online:<\/p>\n<h1><a href=\"http:\/\/www.heise.de\/newsticker\/meldung\/US-Behoerden-duerfen-auf-europaeische-Cloud-Daten-zugreifen-1270455.html\" target=\"_blank\">US-Beh\u00f6rden d\u00fcrfen auf europ\u00e4ische Cloud-Daten zugreifen<\/a><\/h1>\n<p>In der Praxis hei\u00dft das dann, auf meinem Rechner liegen die Daten noch verschl\u00fcsselt. Benutze ich das moderne Cloud Computing sind Dateneingriff T\u00fcr und Tor ge\u00f6ffnet. Vielleicht sind es ja &#8222;nur&#8220; Beh\u00f6rden, die sich die Daten ansehen. Oder aber doch Hacker. Und wenn ich mir so ausmalen, was dann passieren kann &#8211; dann verzichte ich wohl doch darauf meinen Avatar zum Kunden zu schicken und fahre lieber selbst. Da muss ich zwar im Stra\u00dfenverkehr aufpassen &#8211; kann aber selbst am besten entscheiden, wie ich mit der Situation vor Ort = meinen Daten umgehe.<\/p>\n<p>Oder &#8211; wie einer unserer Kollegen neulich in der Mittagspause formulierte: Bei Cloud Computing liegen eure Daten im Internet &#8211; und jeder hat Zugriff drauf&#8230;.<\/p>\n","protected":false},"excerpt":{"rendered":"<p>Theoretisch ist Cloud Computing eine gute Idee. Weniger Leistung im Rechner. Weniger Virenanf\u00e4lligkeit. Der Nutzer kann nicht so viel kaputtmachen.<\/p>\n","protected":false},"author":1,"featured_media":0,"comment_status":"open","ping_status":"open","sticky":false,"template":"","format":"standard","meta":{"footnotes":""},"categories":[17],"tags":[],"class_list":["post-178","post","type-post","status-publish","format-standard","hentry","category-standpunkt","entry"],"_links":{"self":[{"href":"https:\/\/www.art-events.de\/weblog\/wp-json\/wp\/v2\/posts\/178","targetHints":{"allow":["GET"]}}],"collection":[{"href":"https:\/\/www.art-events.de\/weblog\/wp-json\/wp\/v2\/posts"}],"about":[{"href":"https:\/\/www.art-events.de\/weblog\/wp-json\/wp\/v2\/types\/post"}],"author":[{"embeddable":true,"href":"https:\/\/www.art-events.de\/weblog\/wp-json\/wp\/v2\/users\/1"}],"replies":[{"embeddable":true,"href":"https:\/\/www.art-events.de\/weblog\/wp-json\/wp\/v2\/comments?post=178"}],"version-history":[{"count":0,"href":"https:\/\/www.art-events.de\/weblog\/wp-json\/wp\/v2\/posts\/178\/revisions"}],"wp:attachment":[{"href":"https:\/\/www.art-events.de\/weblog\/wp-json\/wp\/v2\/media?parent=178"}],"wp:term":[{"taxonomy":"category","embeddable":true,"href":"https:\/\/www.art-events.de\/weblog\/wp-json\/wp\/v2\/categories?post=178"},{"taxonomy":"post_tag","embeddable":true,"href":"https:\/\/www.art-events.de\/weblog\/wp-json\/wp\/v2\/tags?post=178"}],"curies":[{"name":"wp","href":"https:\/\/api.w.org\/{rel}","templated":true}]}}