{"id":143,"date":"2011-05-24T10:26:16","date_gmt":"2011-05-24T10:26:16","guid":{"rendered":"http:\/\/www.art-events.de\/weblog\/?p=143"},"modified":"2011-08-01T12:06:47","modified_gmt":"2011-08-01T12:06:47","slug":"die-halbwertszeit-meiner-notebook-scheint-gering","status":"publish","type":"post","link":"https:\/\/www.art-events.de\/weblog\/die-halbwertszeit-meiner-notebook-scheint-gering\/","title":{"rendered":"Die Halbwertszeit meiner Notebook scheint gering"},"content":{"rendered":"<p>Ich sollte mein Geld damit verdienen Rechner zu testen. Durschnittlich sind meine Laptops 16&#8230;18 Stunden pro Tag am Laufen. Und mit mir auf Achse. Irgendwie sind die Dinger daf\u00fcr wohl nicht geeignet. Oder ich bin zu ruppig zu denen:<\/p>\n<p><!--more--><\/p>\n<p>1) Ein 900 Euro ACER Notebook hielt knapp 10 Monate. Dann flog mir beim Einschalten eines Morgens das Ding um die Ohren. War wohl ein Spannungsproblem: zuerst Netzteil in Laptop gesteckt &#8211; und dann in Steckdose. Das konnte das Dingens nicht ab. Heute schreibt man so etwas in die Dokumentation, dass es anders herzum laufen muss. (Erst Netzteil an Steckdose, dann Rechner anschliessen&#8230;)<\/p>\n<p>2) Der Nachfolger &#8211; ein Sony VAIO Notebook im 1800 EUR Segment schaffte sechs Monate. Dann mutierte das CD ROM Laufwerk zum Plattenspieler und fr\u00e4ste Rillen in die CDs. War irgendwie besonders \u00e4rgerlich, wenn es sich um Original CDs handelte. Die waren hinterher n\u00e4mlich Schrott. Kurze Zeit sp\u00e4ter ging das Touch Pad kaputt.\u00a0Habe den dann ohne CD ROM Laufwerk und mit externer USB Mouse noch ein paar Monate benutzt &#8211; bis er dann Probleme mit dem Display bekam. Flackerte unmotiviert umher. Kurze Zeit sp\u00e4ter ging das Touch Pad kaputt.<\/p>\n<p>3) Ein ASUS Notebook der unteren Preisklasse schaffte rund ein Jahr. Dann war eines Tages das Display dunkel und ging nicht mehr.<\/p>\n<p>4) Ein DELL Notebook der unteren Preisklasse. Dar\u00fcber gibt es nichts zu sagen. Der tat exakt 20 Monate seinen Dienst und wurde ausgemustert, weil ich mehr Power brauchte. Der arbeitet heute noch bei unseren KollegenInnen im Innendienst.<\/p>\n<p>5) Ein ASUS XJ64 f\u00fcr rund 700 Euro mit einer wie ich finde unm\u00f6glichen Tastatur. F\u00fcr mein 10 Finger Blind Schnellgeschreibe nicht geeignet. Noch unm\u00f6glicher das hochempfindliche Touch Pad, das schon bei der N\u00e4he von Handballen den Cursor umherspringen l\u00e4sst. Gl\u00fccklicherweise l\u00e4sst sich das nach einem Windows Update automatisch ausschalten, wenn eine externe USB Mouse angeschlossen ist. Also ohne Touch Pad zumindest bedienbar. Doch jetzt nach rund 12 Monaten hat sich das Wireless LAN \/ WLAN verabschiedet. L\u00e4sst sich weder mit dem wackeligen Schiebeschalter noch mit der Fn Tastenkombination aktivieren. Entweder ein mechanisches Problem &#8211; oder irgendein Windows Update hat das Ding zerfr\u00e4st. Auf jeden Fall nun ein Rechner ohne WLAN. Ist nat\u00fcrlich besonders \u00e4rgerlich, wenn man das Ding mal in der Werkstatt betreiben m\u00f6chte. Da werde ich dann mal sehen, wie lange ich das so aushalte, bis ich wieder irgendwo investiere&#8230;<\/p>\n<p>Fazit: egal ob teuer oder billig &#8211; die Dinger halten nur eine begrenzte Zeit. Dann passiert irgend etwas. Interessanterweise hatte ich noch keine defekte Festplatte zu verzeichnen. Die konnte ich selbst bei defekten Systemen ausbauen und via IDE\/USB Adapter anderswo lesen. **HOLZKLOPF**.<\/p>\n","protected":false},"excerpt":{"rendered":"<p>Ich sollte mein Geld damit verdienen Rechner zu testen. Durschnittlich sind meine Laptops 16&#8230;18 Stunden pro Tag am Laufen. Und mit mir auf Achse. Irgendwie sind die Dinger daf\u00fcr wohl nicht geeignet. Oder ich bin zu ruppig zu denen:<\/p>\n","protected":false},"author":1,"featured_media":0,"comment_status":"open","ping_status":"open","sticky":false,"template":"","format":"standard","meta":{"footnotes":""},"categories":[6],"tags":[],"class_list":["post-143","post","type-post","status-publish","format-standard","hentry","category-internes","entry"],"_links":{"self":[{"href":"https:\/\/www.art-events.de\/weblog\/wp-json\/wp\/v2\/posts\/143","targetHints":{"allow":["GET"]}}],"collection":[{"href":"https:\/\/www.art-events.de\/weblog\/wp-json\/wp\/v2\/posts"}],"about":[{"href":"https:\/\/www.art-events.de\/weblog\/wp-json\/wp\/v2\/types\/post"}],"author":[{"embeddable":true,"href":"https:\/\/www.art-events.de\/weblog\/wp-json\/wp\/v2\/users\/1"}],"replies":[{"embeddable":true,"href":"https:\/\/www.art-events.de\/weblog\/wp-json\/wp\/v2\/comments?post=143"}],"version-history":[{"count":0,"href":"https:\/\/www.art-events.de\/weblog\/wp-json\/wp\/v2\/posts\/143\/revisions"}],"wp:attachment":[{"href":"https:\/\/www.art-events.de\/weblog\/wp-json\/wp\/v2\/media?parent=143"}],"wp:term":[{"taxonomy":"category","embeddable":true,"href":"https:\/\/www.art-events.de\/weblog\/wp-json\/wp\/v2\/categories?post=143"},{"taxonomy":"post_tag","embeddable":true,"href":"https:\/\/www.art-events.de\/weblog\/wp-json\/wp\/v2\/tags?post=143"}],"curies":[{"name":"wp","href":"https:\/\/api.w.org\/{rel}","templated":true}]}}